{"id":628,"date":"2022-04-02T00:15:43","date_gmt":"2022-04-02T00:15:43","guid":{"rendered":"https:\/\/notedivino.wine\/?p=628"},"modified":"2022-09-10T14:14:39","modified_gmt":"2022-09-10T14:14:39","slug":"gianfranco-fino-es-2016","status":"publish","type":"post","link":"https:\/\/notedivino.wine\/index.php\/2022\/04\/02\/gianfranco-fino-es-2016\/","title":{"rendered":"Gianfranco fino Es 2016"},"content":{"rendered":"\n<p>Lo stesso Gianfranco presenta cos\u00ec il suo capolavoro: \u201cL\u2019Es secondo Freud \u00e8\u2019 istinto e passione sfrenata (la stessa con cui \u00e8 stato prodotto questo vino) senza condizioni, senza regole, al di l\u00e0 dello spazio e del tempo, della logica e della morale. Non conosce il bene, n\u00e9 il male. L\u2019Es, sottost\u00e0 ad un solo principio: il piacere!<\/p>\n\n\n\n<p>Come non sottoscrivere totalmente questo incipit. Es \u00e8 un vino avvolgente, un concentrato di&nbsp; frutta matura, spezie dolci e qualche nota tostata, tutto magistralmente sorretto da una sapiente freschezza che lo rende un rosso complesso, elegante e di carattere. Certamente un vino di classe capace di emozionare!&nbsp;<\/p>\n\n\n\n<p>Per valorizzare questo vino eccezionale ho scelto un brano orchestrale caratterizzato da una tensione emotiva che si svela gi\u00e0 dai primi secondi dell\u2019ascolto, per esplodere poi, successivamente, nel culmine del trasporto. Rachmaninov, il compositore della sinfonia dalla quale \u00e8 tratto questo brano, \u00e8 definito dalla maggior parte dei critici musicali \u201cl\u2019ultimo romantico\u201d. In questo<em>&nbsp;Adagio<\/em>&nbsp;possiamo apprezzare il suo lirismo struggente, quasi languido, che \u00e8 noto come tratto comune delle sue prime composizioni.<\/p>\n\n\n\n<p>Quale migliore abbinamento per un vino cos\u00ec passionale ed emozionante!<\/p>\n\n\n\n<p>Analizzando pi\u00f9 tecnicamente l&#8217;abbinamento posso sottolineare i suoni acuti, la melodia consonante, legata e morbida che andranno ad enfatizzare le note fruttate e tutte le morbidezze che gi\u00e0 sono una caratteristica portante di questo vino, senza il timore di snaturarlo poich\u00e9 dotato di sufficiente freschezza e tannicit\u00e0. Al naso spiccheranno maggiormente gli aromi terziari grazie al timbro morbido, all\u2019articolazione principalmente legata ed al lento andamento di questo brano. Il tutto \u00e8 sorretto ed amplificato da una spiccata concordanza descrittiva, che vede sia nel vino che nella musica grandi espressioni di raffinatezza, morbidezza e passione.&nbsp;<\/p>\n\n\n\n<h3 class=\"has-text-align-center wp-block-heading\">RACHMANINOV Sinfonia n\u00b02 Adagio<\/h3>\n\n\n\n<figure class=\"wp-block-audio\"><audio controls src=\"https:\/\/notedivino.wine\/wp-content\/uploads\/2022\/04\/Rachmaninov-Symphony-No.-2-Op.-27-III.-Adagio_-Adagio-_LSO_.mp3\"><\/audio><\/figure>\n\n\n\n<p><\/p>\n","protected":false},"excerpt":{"rendered":"<p>Lo stesso Gianfranco presenta cos\u00ec il suo capolavoro: \u201cL\u2019Es secondo Freud \u00e8\u2019 istinto e passione sfrenata (la stessa con cui \u00e8 stato prodotto questo vino) senza condizioni, senza regole, al di l\u00e0 dello spazio e del tempo, della logica e della morale. Non conosce il bene, n\u00e9 il male. L\u2019Es, sottost\u00e0 ad un solo principio: [&hellip;]<\/p>\n","protected":false},"author":2,"featured_media":630,"comment_status":"open","ping_status":"open","sticky":false,"template":"","format":"standard","meta":{"_acf_changed":false,"footnotes":""},"categories":[9],"tags":[],"class_list":["post-628","post","type-post","status-publish","format-standard","has-post-thumbnail","hentry","category-proposte"],"acf":[],"yoast_head":"<!-- This site is optimized with the Yoast SEO plugin v24.3 - https:\/\/yoast.com\/wordpress\/plugins\/seo\/ -->\n<title>Gianfranco fino Es 2016 - Note di Vino<\/title>\n<meta name=\"robots\" content=\"index, follow, max-snippet:-1, max-image-preview:large, max-video-preview:-1\" \/>\n<link rel=\"canonical\" href=\"https:\/\/notedivino.wine\/index.php\/2022\/04\/02\/gianfranco-fino-es-2016\/\" \/>\n<meta property=\"og:locale\" content=\"it_IT\" \/>\n<meta property=\"og:type\" content=\"article\" \/>\n<meta property=\"og:title\" content=\"Gianfranco fino Es 2016 - Note di Vino\" \/>\n<meta property=\"og:description\" content=\"Lo stesso Gianfranco presenta cos\u00ec il suo capolavoro: \u201cL\u2019Es secondo Freud \u00e8\u2019 istinto e passione sfrenata (la stessa con cui \u00e8 stato prodotto questo vino) senza condizioni, senza regole, al di l\u00e0 dello spazio e del tempo, della logica e della morale. Non conosce il bene, n\u00e9 il male. L\u2019Es, sottost\u00e0 ad un solo principio: [&hellip;]\" \/>\n<meta property=\"og:url\" content=\"https:\/\/notedivino.wine\/index.php\/2022\/04\/02\/gianfranco-fino-es-2016\/\" \/>\n<meta property=\"og:site_name\" content=\"Note di Vino\" \/>\n<meta property=\"article:published_time\" content=\"2022-04-02T00:15:43+00:00\" \/>\n<meta property=\"article:modified_time\" content=\"2022-09-10T14:14:39+00:00\" \/>\n<meta property=\"og:image\" content=\"https:\/\/notedivino.wine\/wp-content\/uploads\/2022\/04\/1.es_-1.png\" \/>\n\t<meta property=\"og:image:width\" content=\"1000\" \/>\n\t<meta property=\"og:image:height\" content=\"1000\" \/>\n\t<meta property=\"og:image:type\" content=\"image\/png\" \/>\n<meta name=\"author\" content=\"Anna Sgarbossa\" \/>\n<meta name=\"twitter:card\" content=\"summary_large_image\" \/>\n<meta name=\"twitter:label1\" content=\"Scritto da\" \/>\n\t<meta name=\"twitter:data1\" content=\"Anna Sgarbossa\" \/>\n\t<meta name=\"twitter:label2\" content=\"Tempo di lettura stimato\" \/>\n\t<meta name=\"twitter:data2\" content=\"2 minuti\" \/>\n<script type=\"application\/ld+json\" class=\"yoast-schema-graph\">{\"@context\":\"https:\/\/schema.org\",\"@graph\":[{\"@type\":\"WebPage\",\"@id\":\"https:\/\/notedivino.wine\/index.php\/2022\/04\/02\/gianfranco-fino-es-2016\/\",\"url\":\"https:\/\/notedivino.wine\/index.php\/2022\/04\/02\/gianfranco-fino-es-2016\/\",\"name\":\"Gianfranco fino Es 2016 - Note di Vino\",\"isPartOf\":{\"@id\":\"https:\/\/notedivino.wine\/#website\"},\"primaryImageOfPage\":{\"@id\":\"https:\/\/notedivino.wine\/index.php\/2022\/04\/02\/gianfranco-fino-es-2016\/#primaryimage\"},\"image\":{\"@id\":\"https:\/\/notedivino.wine\/index.php\/2022\/04\/02\/gianfranco-fino-es-2016\/#primaryimage\"},\"thumbnailUrl\":\"https:\/\/notedivino.wine\/wp-content\/uploads\/2022\/04\/1.es_-1.png\",\"datePublished\":\"2022-04-02T00:15:43+00:00\",\"dateModified\":\"2022-09-10T14:14:39+00:00\",\"author\":{\"@id\":\"https:\/\/notedivino.wine\/#\/schema\/person\/875e6a9321c745eb10dfb3669ec62ec8\"},\"breadcrumb\":{\"@id\":\"https:\/\/notedivino.wine\/index.php\/2022\/04\/02\/gianfranco-fino-es-2016\/#breadcrumb\"},\"inLanguage\":\"it-IT\",\"potentialAction\":[{\"@type\":\"ReadAction\",\"target\":[\"https:\/\/notedivino.wine\/index.php\/2022\/04\/02\/gianfranco-fino-es-2016\/\"]}]},{\"@type\":\"ImageObject\",\"inLanguage\":\"it-IT\",\"@id\":\"https:\/\/notedivino.wine\/index.php\/2022\/04\/02\/gianfranco-fino-es-2016\/#primaryimage\",\"url\":\"https:\/\/notedivino.wine\/wp-content\/uploads\/2022\/04\/1.es_-1.png\",\"contentUrl\":\"https:\/\/notedivino.wine\/wp-content\/uploads\/2022\/04\/1.es_-1.png\",\"width\":\"1000\",\"height\":\"1000\"},{\"@type\":\"BreadcrumbList\",\"@id\":\"https:\/\/notedivino.wine\/index.php\/2022\/04\/02\/gianfranco-fino-es-2016\/#breadcrumb\",\"itemListElement\":[{\"@type\":\"ListItem\",\"position\":1,\"name\":\"Home\",\"item\":\"https:\/\/notedivino.wine\/\"},{\"@type\":\"ListItem\",\"position\":2,\"name\":\"Gianfranco fino Es 2016\"}]},{\"@type\":\"WebSite\",\"@id\":\"https:\/\/notedivino.wine\/#website\",\"url\":\"https:\/\/notedivino.wine\/\",\"name\":\"Note di Vino\",\"description\":\"Vino e musica\",\"potentialAction\":[{\"@type\":\"SearchAction\",\"target\":{\"@type\":\"EntryPoint\",\"urlTemplate\":\"https:\/\/notedivino.wine\/?s={search_term_string}\"},\"query-input\":{\"@type\":\"PropertyValueSpecification\",\"valueRequired\":true,\"valueName\":\"search_term_string\"}}],\"inLanguage\":\"it-IT\"},{\"@type\":\"Person\",\"@id\":\"https:\/\/notedivino.wine\/#\/schema\/person\/875e6a9321c745eb10dfb3669ec62ec8\",\"name\":\"Anna Sgarbossa\",\"image\":{\"@type\":\"ImageObject\",\"inLanguage\":\"it-IT\",\"@id\":\"https:\/\/notedivino.wine\/#\/schema\/person\/image\/\",\"url\":\"https:\/\/notedivino.wine\/wp-content\/uploads\/2022\/04\/chisonopiccola-modified-150x150.png\",\"contentUrl\":\"https:\/\/notedivino.wine\/wp-content\/uploads\/2022\/04\/chisonopiccola-modified-150x150.png\",\"caption\":\"Anna Sgarbossa\"},\"url\":\"https:\/\/notedivino.wine\/index.php\/author\/anna-sgarbossa\/\"}]}<\/script>\n<!-- \/ Yoast SEO plugin. -->","yoast_head_json":{"title":"Gianfranco fino Es 2016 - Note di Vino","robots":{"index":"index","follow":"follow","max-snippet":"max-snippet:-1","max-image-preview":"max-image-preview:large","max-video-preview":"max-video-preview:-1"},"canonical":"https:\/\/notedivino.wine\/index.php\/2022\/04\/02\/gianfranco-fino-es-2016\/","og_locale":"it_IT","og_type":"article","og_title":"Gianfranco fino Es 2016 - Note di Vino","og_description":"Lo stesso Gianfranco presenta cos\u00ec il suo capolavoro: \u201cL\u2019Es secondo Freud \u00e8\u2019 istinto e passione sfrenata (la stessa con cui \u00e8 stato prodotto questo vino) senza condizioni, senza regole, al di l\u00e0 dello spazio e del tempo, della logica e della morale. Non conosce il bene, n\u00e9 il male. L\u2019Es, sottost\u00e0 ad un solo principio: [&hellip;]","og_url":"https:\/\/notedivino.wine\/index.php\/2022\/04\/02\/gianfranco-fino-es-2016\/","og_site_name":"Note di Vino","article_published_time":"2022-04-02T00:15:43+00:00","article_modified_time":"2022-09-10T14:14:39+00:00","og_image":[{"width":1000,"height":1000,"url":"https:\/\/notedivino.wine\/wp-content\/uploads\/2022\/04\/1.es_-1.png","type":"image\/png"}],"author":"Anna Sgarbossa","twitter_card":"summary_large_image","twitter_misc":{"Scritto da":"Anna Sgarbossa","Tempo di lettura stimato":"2 minuti"},"schema":{"@context":"https:\/\/schema.org","@graph":[{"@type":"WebPage","@id":"https:\/\/notedivino.wine\/index.php\/2022\/04\/02\/gianfranco-fino-es-2016\/","url":"https:\/\/notedivino.wine\/index.php\/2022\/04\/02\/gianfranco-fino-es-2016\/","name":"Gianfranco fino Es 2016 - Note di Vino","isPartOf":{"@id":"https:\/\/notedivino.wine\/#website"},"primaryImageOfPage":{"@id":"https:\/\/notedivino.wine\/index.php\/2022\/04\/02\/gianfranco-fino-es-2016\/#primaryimage"},"image":{"@id":"https:\/\/notedivino.wine\/index.php\/2022\/04\/02\/gianfranco-fino-es-2016\/#primaryimage"},"thumbnailUrl":"https:\/\/notedivino.wine\/wp-content\/uploads\/2022\/04\/1.es_-1.png","datePublished":"2022-04-02T00:15:43+00:00","dateModified":"2022-09-10T14:14:39+00:00","author":{"@id":"https:\/\/notedivino.wine\/#\/schema\/person\/875e6a9321c745eb10dfb3669ec62ec8"},"breadcrumb":{"@id":"https:\/\/notedivino.wine\/index.php\/2022\/04\/02\/gianfranco-fino-es-2016\/#breadcrumb"},"inLanguage":"it-IT","potentialAction":[{"@type":"ReadAction","target":["https:\/\/notedivino.wine\/index.php\/2022\/04\/02\/gianfranco-fino-es-2016\/"]}]},{"@type":"ImageObject","inLanguage":"it-IT","@id":"https:\/\/notedivino.wine\/index.php\/2022\/04\/02\/gianfranco-fino-es-2016\/#primaryimage","url":"https:\/\/notedivino.wine\/wp-content\/uploads\/2022\/04\/1.es_-1.png","contentUrl":"https:\/\/notedivino.wine\/wp-content\/uploads\/2022\/04\/1.es_-1.png","width":"1000","height":"1000"},{"@type":"BreadcrumbList","@id":"https:\/\/notedivino.wine\/index.php\/2022\/04\/02\/gianfranco-fino-es-2016\/#breadcrumb","itemListElement":[{"@type":"ListItem","position":1,"name":"Home","item":"https:\/\/notedivino.wine\/"},{"@type":"ListItem","position":2,"name":"Gianfranco fino Es 2016"}]},{"@type":"WebSite","@id":"https:\/\/notedivino.wine\/#website","url":"https:\/\/notedivino.wine\/","name":"Note di Vino","description":"Vino e musica","potentialAction":[{"@type":"SearchAction","target":{"@type":"EntryPoint","urlTemplate":"https:\/\/notedivino.wine\/?s={search_term_string}"},"query-input":{"@type":"PropertyValueSpecification","valueRequired":true,"valueName":"search_term_string"}}],"inLanguage":"it-IT"},{"@type":"Person","@id":"https:\/\/notedivino.wine\/#\/schema\/person\/875e6a9321c745eb10dfb3669ec62ec8","name":"Anna Sgarbossa","image":{"@type":"ImageObject","inLanguage":"it-IT","@id":"https:\/\/notedivino.wine\/#\/schema\/person\/image\/","url":"https:\/\/notedivino.wine\/wp-content\/uploads\/2022\/04\/chisonopiccola-modified-150x150.png","contentUrl":"https:\/\/notedivino.wine\/wp-content\/uploads\/2022\/04\/chisonopiccola-modified-150x150.png","caption":"Anna Sgarbossa"},"url":"https:\/\/notedivino.wine\/index.php\/author\/anna-sgarbossa\/"}]}},"_links":{"self":[{"href":"https:\/\/notedivino.wine\/index.php\/wp-json\/wp\/v2\/posts\/628","targetHints":{"allow":["GET"]}}],"collection":[{"href":"https:\/\/notedivino.wine\/index.php\/wp-json\/wp\/v2\/posts"}],"about":[{"href":"https:\/\/notedivino.wine\/index.php\/wp-json\/wp\/v2\/types\/post"}],"author":[{"embeddable":true,"href":"https:\/\/notedivino.wine\/index.php\/wp-json\/wp\/v2\/users\/2"}],"replies":[{"embeddable":true,"href":"https:\/\/notedivino.wine\/index.php\/wp-json\/wp\/v2\/comments?post=628"}],"version-history":[{"count":5,"href":"https:\/\/notedivino.wine\/index.php\/wp-json\/wp\/v2\/posts\/628\/revisions"}],"predecessor-version":[{"id":789,"href":"https:\/\/notedivino.wine\/index.php\/wp-json\/wp\/v2\/posts\/628\/revisions\/789"}],"wp:featuredmedia":[{"embeddable":true,"href":"https:\/\/notedivino.wine\/index.php\/wp-json\/wp\/v2\/media\/630"}],"wp:attachment":[{"href":"https:\/\/notedivino.wine\/index.php\/wp-json\/wp\/v2\/media?parent=628"}],"wp:term":[{"taxonomy":"category","embeddable":true,"href":"https:\/\/notedivino.wine\/index.php\/wp-json\/wp\/v2\/categories?post=628"},{"taxonomy":"post_tag","embeddable":true,"href":"https:\/\/notedivino.wine\/index.php\/wp-json\/wp\/v2\/tags?post=628"}],"curies":[{"name":"wp","href":"https:\/\/api.w.org\/{rel}","templated":true}]}}